{"id":534,"date":"2020-12-05T21:10:56","date_gmt":"2020-12-05T20:10:56","guid":{"rendered":"https:\/\/www.wohnart3.de\/?p=534"},"modified":"2025-08-22T21:03:22","modified_gmt":"2025-08-22T19:03:22","slug":"frohe-weihnachten","status":"publish","type":"post","link":"https:\/\/www.wohnart3.de\/?p=534","title":{"rendered":"Fr\u00f6hliche Weihnachten"},"content":{"rendered":"\n<p class=\"has-white-color has-luminous-vivid-orange-background-color has-text-color has-background has-link-color wp-elements-ddb8c13ce3d1c7813d48b7d57c189b2d\"><strong>Bl\u00e4serchor am ersten Advent <\/strong><\/p>\n\n\n\n<p>Eine weihnachtliche \u00dcberraschung gab es schon am 1. Adventssonntag im Hof. Vor dem geschm\u00fcckten erleuchteten Weihnachtsbaum im Hof brachte ein jugendlicher Bl\u00e4serchor f\u00fcr uns WohnArt Bewohner Weihnachtslieder zum Besten.<\/p>\n\n\n\n<figure class=\"wp-block-image size-large\"><img loading=\"lazy\" decoding=\"async\" width=\"768\" height=\"1024\" src=\"https:\/\/www.wohnart3.de\/wp-content\/uploads\/2020\/12\/WhatsApp-Image-2020-11-29-at-18.24.51-768x1024.jpeg\" alt=\"\" class=\"wp-image-538\" srcset=\"https:\/\/www.wohnart3.de\/wp-content\/uploads\/2020\/12\/WhatsApp-Image-2020-11-29-at-18.24.51-768x1024.jpeg 768w, https:\/\/www.wohnart3.de\/wp-content\/uploads\/2020\/12\/WhatsApp-Image-2020-11-29-at-18.24.51-225x300.jpeg 225w, https:\/\/www.wohnart3.de\/wp-content\/uploads\/2020\/12\/WhatsApp-Image-2020-11-29-at-18.24.51-1152x1536.jpeg 1152w, https:\/\/www.wohnart3.de\/wp-content\/uploads\/2020\/12\/WhatsApp-Image-2020-11-29-at-18.24.51.jpeg 1200w\" sizes=\"auto, (max-width: 767px) 89vw, (max-width: 1000px) 54vw, (max-width: 1071px) 543px, 580px\" \/><\/figure>\n\n\n\n<p>Applaus f\u00fcr die sch\u00f6ne Idee und herzlichen Dank an die Mitglieder, die den  Weihnachtsbaum besorgt und f\u00fcr dessen Schmuck gesorgt haben.<\/p>\n","protected":false},"excerpt":{"rendered":"<p>Bl\u00e4serchor am ersten Advent Eine weihnachtliche \u00dcberraschung gab es schon am 1. Adventssonntag im Hof. Vor dem geschm\u00fcckten erleuchteten Weihnachtsbaum im Hof brachte ein jugendlicher Bl\u00e4serchor f\u00fcr uns WohnArt Bewohner Weihnachtslieder zum Besten. Applaus f\u00fcr die sch\u00f6ne Idee und herzlichen Dank an die Mitglieder, die den Weihnachtsbaum besorgt und f\u00fcr dessen Schmuck gesorgt haben.<\/p>\n","protected":false},"author":1,"featured_media":0,"comment_status":"open","ping_status":"open","sticky":false,"template":"","format":"standard","meta":{"footnotes":""},"categories":[4],"tags":[],"class_list":["post-534","post","type-post","status-publish","format-standard","hentry","category-veranstaltungen"],"_links":{"self":[{"href":"https:\/\/www.wohnart3.de\/index.php?rest_route=\/wp\/v2\/posts\/534","targetHints":{"allow":["GET"]}}],"collection":[{"href":"https:\/\/www.wohnart3.de\/index.php?rest_route=\/wp\/v2\/posts"}],"about":[{"href":"https:\/\/www.wohnart3.de\/index.php?rest_route=\/wp\/v2\/types\/post"}],"author":[{"embeddable":true,"href":"https:\/\/www.wohnart3.de\/index.php?rest_route=\/wp\/v2\/users\/1"}],"replies":[{"embeddable":true,"href":"https:\/\/www.wohnart3.de\/index.php?rest_route=%2Fwp%2Fv2%2Fcomments&post=534"}],"version-history":[{"count":5,"href":"https:\/\/www.wohnart3.de\/index.php?rest_route=\/wp\/v2\/posts\/534\/revisions"}],"predecessor-version":[{"id":2966,"href":"https:\/\/www.wohnart3.de\/index.php?rest_route=\/wp\/v2\/posts\/534\/revisions\/2966"}],"wp:attachment":[{"href":"https:\/\/www.wohnart3.de\/index.php?rest_route=%2Fwp%2Fv2%2Fmedia&parent=534"}],"wp:term":[{"taxonomy":"category","embeddable":true,"href":"https:\/\/www.wohnart3.de\/index.php?rest_route=%2Fwp%2Fv2%2Fcategories&post=534"},{"taxonomy":"post_tag","embeddable":true,"href":"https:\/\/www.wohnart3.de\/index.php?rest_route=%2Fwp%2Fv2%2Ftags&post=534"}],"curies":[{"name":"wp","href":"https:\/\/api.w.org\/{rel}","templated":true}]}}