{"id":514,"date":"2020-10-22T01:29:34","date_gmt":"2020-10-21T23:29:34","guid":{"rendered":"https:\/\/www.wohnart3.de\/?p=514"},"modified":"2023-12-11T21:42:06","modified_gmt":"2023-12-11T20:42:06","slug":"ausflug","status":"publish","type":"post","link":"https:\/\/www.wohnart3.de\/?p=514","title":{"rendered":"Ausflug"},"content":{"rendered":"\n<p class=\"has-background\" style=\"background-color:#02c27c\">Waldkunstpfad 2020 an der Ludwigsh\u00f6he<\/p>\n\n\n\n<p>Einige <a href=\"https:\/\/www.dropbox.com\/scl\/fi\/p0yi3odj74flp2xoct4tg\/20-10_web_Ausflug-Waldkunstpfad.mp4?rlkey=byzf3of9ju4wn5m6henwste4z&amp;dl=0\">Impressionen<\/a> unseres Ausflugs an die Ludwigsh\u00f6he zum Waldkunstpfad am Samstag (17.10.) mit anschlie\u00dfender Einkehr bei Kaffee und Kuchen.<\/p>\n\n\n\n<p class=\"has-text-align-center has-small-font-size\"><img loading=\"lazy\" decoding=\"async\" width=\"400\" height=\"266\" class=\"wp-image-515\" style=\"width: 400px;\" src=\"https:\/\/www.wohnart3.de\/wp-content\/uploads\/2020\/10\/9-The-Cube-7-1-2.jpg\" alt=\"\" srcset=\"https:\/\/www.wohnart3.de\/wp-content\/uploads\/2020\/10\/9-The-Cube-7-1-2.jpg 2301w, https:\/\/www.wohnart3.de\/wp-content\/uploads\/2020\/10\/9-The-Cube-7-1-2-300x200.jpg 300w, https:\/\/www.wohnart3.de\/wp-content\/uploads\/2020\/10\/9-The-Cube-7-1-2-1024x682.jpg 1024w, https:\/\/www.wohnart3.de\/wp-content\/uploads\/2020\/10\/9-The-Cube-7-1-2-768x512.jpg 768w, https:\/\/www.wohnart3.de\/wp-content\/uploads\/2020\/10\/9-The-Cube-7-1-2-1536x1023.jpg 1536w, https:\/\/www.wohnart3.de\/wp-content\/uploads\/2020\/10\/9-The-Cube-7-1-2-2048x1364.jpg 2048w\" sizes=\"auto, (max-width: 400px) 100vw, 400px\" \/><br>Waltraud und Pia sei f\u00fcr die Bilder gedankt.<\/p>\n","protected":false},"excerpt":{"rendered":"<p>Waldkunstpfad 2020 an der Ludwigsh\u00f6he Einige Impressionen unseres Ausflugs an die Ludwigsh\u00f6he zum Waldkunstpfad am Samstag (17.10.) mit anschlie\u00dfender Einkehr bei Kaffee und Kuchen. Waltraud und Pia sei f\u00fcr die Bilder gedankt.<\/p>\n","protected":false},"author":2,"featured_media":0,"comment_status":"open","ping_status":"open","sticky":false,"template":"","format":"standard","meta":{"footnotes":""},"categories":[4],"tags":[],"class_list":["post-514","post","type-post","status-publish","format-standard","hentry","category-veranstaltungen"],"_links":{"self":[{"href":"https:\/\/www.wohnart3.de\/index.php?rest_route=\/wp\/v2\/posts\/514","targetHints":{"allow":["GET"]}}],"collection":[{"href":"https:\/\/www.wohnart3.de\/index.php?rest_route=\/wp\/v2\/posts"}],"about":[{"href":"https:\/\/www.wohnart3.de\/index.php?rest_route=\/wp\/v2\/types\/post"}],"author":[{"embeddable":true,"href":"https:\/\/www.wohnart3.de\/index.php?rest_route=\/wp\/v2\/users\/2"}],"replies":[{"embeddable":true,"href":"https:\/\/www.wohnart3.de\/index.php?rest_route=%2Fwp%2Fv2%2Fcomments&post=514"}],"version-history":[{"count":13,"href":"https:\/\/www.wohnart3.de\/index.php?rest_route=\/wp\/v2\/posts\/514\/revisions"}],"predecessor-version":[{"id":2158,"href":"https:\/\/www.wohnart3.de\/index.php?rest_route=\/wp\/v2\/posts\/514\/revisions\/2158"}],"wp:attachment":[{"href":"https:\/\/www.wohnart3.de\/index.php?rest_route=%2Fwp%2Fv2%2Fmedia&parent=514"}],"wp:term":[{"taxonomy":"category","embeddable":true,"href":"https:\/\/www.wohnart3.de\/index.php?rest_route=%2Fwp%2Fv2%2Fcategories&post=514"},{"taxonomy":"post_tag","embeddable":true,"href":"https:\/\/www.wohnart3.de\/index.php?rest_route=%2Fwp%2Fv2%2Ftags&post=514"}],"curies":[{"name":"wp","href":"https:\/\/api.w.org\/{rel}","templated":true}]}}