{"id":314,"date":"2020-06-20T12:20:32","date_gmt":"2020-06-20T10:20:32","guid":{"rendered":"https:\/\/www.wohnart3.de\/?p=314"},"modified":"2022-03-31T19:27:03","modified_gmt":"2022-03-31T17:27:03","slug":"mitgliederversammlung-wohnart-3-am-1-7-2020-2000-uhr-im-unne-telefon-videokonferenz","status":"publish","type":"post","link":"https:\/\/www.wohnart3.de\/?p=314","title":{"rendered":"Mitgliederversammlung WohnArt 3"},"content":{"rendered":"\n<p class=\"has-light-green-cyan-background-color has-background\">am 1. 7. 2020, 20:00 Uhr unter COVID-19-Bedingungen<\/p>\n\n\n\n<p>Durch das \u201eGesetz zur Abmilderung der Folgen der COVID-19-Pandemie\u201c&nbsp; hat der Bundestag den Vereinen die M\u00f6glichkeit geschaffen regul\u00e4re Mitgliederversammlungen abzuhalten bei denen die Vereinsmitglieder auch \u00fcber Telefon-\/Videokonferenz teilnehmen k\u00f6nnen.<\/p>\n\n\n\n<p>Unsere Mitgliederversammlung am 1. 7. 2020 m\u00f6chten wir als kombinierte Veranstaltung mit Pr\u00e4senz <strong>im Gemeinschaftsraum Unne und Teilnahmem\u00f6glichkeit \u00fcber Telefon-\/Videokonferenz<\/strong> durchf\u00fchren. Durch die Corona Regeln ist die Anzahl der versammelten Personen begrenzt. Wir bitten deshalb diejenigen, die ins Unne kommen wollen, um Anmeldung beim Vorstand bis 29. 6. 2020.<\/p>\n","protected":false},"excerpt":{"rendered":"<p>am 1. 7. 2020, 20:00 Uhr unter COVID-19-Bedingungen Durch das \u201eGesetz zur Abmilderung der Folgen der COVID-19-Pandemie\u201c&nbsp; hat der Bundestag den Vereinen die M\u00f6glichkeit geschaffen regul\u00e4re Mitgliederversammlungen abzuhalten bei denen die Vereinsmitglieder auch \u00fcber Telefon-\/Videokonferenz teilnehmen k\u00f6nnen. Unsere Mitgliederversammlung am 1. 7. 2020 m\u00f6chten wir als kombinierte Veranstaltung mit Pr\u00e4senz im Gemeinschaftsraum Unne und Teilnahmem\u00f6glichkeit &hellip; <\/p>\n<p class=\"link-more\"><a href=\"https:\/\/www.wohnart3.de\/?p=314\" class=\"more-link\"><span class=\"screen-reader-text\">\u201eMitgliederversammlung WohnArt 3\u201c<\/span> weiterlesen<\/a><\/p>\n","protected":false},"author":2,"featured_media":0,"comment_status":"open","ping_status":"open","sticky":false,"template":"","format":"standard","meta":{"footnotes":""},"categories":[4],"tags":[],"class_list":["post-314","post","type-post","status-publish","format-standard","hentry","category-veranstaltungen"],"_links":{"self":[{"href":"https:\/\/www.wohnart3.de\/index.php?rest_route=\/wp\/v2\/posts\/314","targetHints":{"allow":["GET"]}}],"collection":[{"href":"https:\/\/www.wohnart3.de\/index.php?rest_route=\/wp\/v2\/posts"}],"about":[{"href":"https:\/\/www.wohnart3.de\/index.php?rest_route=\/wp\/v2\/types\/post"}],"author":[{"embeddable":true,"href":"https:\/\/www.wohnart3.de\/index.php?rest_route=\/wp\/v2\/users\/2"}],"replies":[{"embeddable":true,"href":"https:\/\/www.wohnart3.de\/index.php?rest_route=%2Fwp%2Fv2%2Fcomments&post=314"}],"version-history":[{"count":7,"href":"https:\/\/www.wohnart3.de\/index.php?rest_route=\/wp\/v2\/posts\/314\/revisions"}],"predecessor-version":[{"id":1148,"href":"https:\/\/www.wohnart3.de\/index.php?rest_route=\/wp\/v2\/posts\/314\/revisions\/1148"}],"wp:attachment":[{"href":"https:\/\/www.wohnart3.de\/index.php?rest_route=%2Fwp%2Fv2%2Fmedia&parent=314"}],"wp:term":[{"taxonomy":"category","embeddable":true,"href":"https:\/\/www.wohnart3.de\/index.php?rest_route=%2Fwp%2Fv2%2Fcategories&post=314"},{"taxonomy":"post_tag","embeddable":true,"href":"https:\/\/www.wohnart3.de\/index.php?rest_route=%2Fwp%2Fv2%2Ftags&post=314"}],"curies":[{"name":"wp","href":"https:\/\/api.w.org\/{rel}","templated":true}]}}