{"id":2545,"date":"2024-09-07T15:08:17","date_gmt":"2024-09-07T13:08:17","guid":{"rendered":"https:\/\/www.wohnart3.de\/?p=2545"},"modified":"2025-04-07T20:14:58","modified_gmt":"2025-04-07T18:14:58","slug":"wohnprojektetag","status":"publish","type":"post","link":"https:\/\/www.wohnart3.de\/?p=2545","title":{"rendered":"Wohnprojektetag"},"content":{"rendered":"\n<p class=\"has-white-color has-text-color has-background\" style=\"background-color:#01b03c\"><strong>WohnArt 3 pr\u00e4sentiert sich im Justus-Liebig-Haus<\/strong><\/p>\n\n\n\n<p>Spannende Vortr\u00e4ge rund um das Thema Gemeinschaftliches Wohnen und die M\u00f6glichkeit, die Darmst\u00e4dter Wohnprojekte kennen zu lernen, zogen viele Besucher an. Sie zeigten gro\u00dfes Interesse auch an unserem Projekt und lie\u00dfen sich ausf\u00fchrlich beraten.<\/p>\n\n\n\n<figure class=\"wp-block-image size-large\"><img loading=\"lazy\" decoding=\"async\" width=\"1024\" height=\"682\" src=\"https:\/\/www.wohnart3.de\/wp-content\/uploads\/2024\/09\/WoProweb-1024x682.jpg\" alt=\"\" class=\"wp-image-2546\" srcset=\"https:\/\/www.wohnart3.de\/wp-content\/uploads\/2024\/09\/WoProweb-1024x682.jpg 1024w, https:\/\/www.wohnart3.de\/wp-content\/uploads\/2024\/09\/WoProweb-300x200.jpg 300w, https:\/\/www.wohnart3.de\/wp-content\/uploads\/2024\/09\/WoProweb-768x511.jpg 768w, https:\/\/www.wohnart3.de\/wp-content\/uploads\/2024\/09\/WoProweb.jpg 1200w\" sizes=\"auto, (max-width: 767px) 89vw, (max-width: 1000px) 54vw, (max-width: 1071px) 543px, 580px\" \/><\/figure>\n","protected":false},"excerpt":{"rendered":"<p>WohnArt 3 pr\u00e4sentiert sich im Justus-Liebig-Haus Spannende Vortr\u00e4ge rund um das Thema Gemeinschaftliches Wohnen und die M\u00f6glichkeit, die Darmst\u00e4dter Wohnprojekte kennen zu lernen, zogen viele Besucher an. Sie zeigten gro\u00dfes Interesse auch an unserem Projekt und lie\u00dfen sich ausf\u00fchrlich beraten.<\/p>\n","protected":false},"author":8,"featured_media":0,"comment_status":"open","ping_status":"open","sticky":false,"template":"","format":"standard","meta":{"footnotes":""},"categories":[4],"tags":[],"class_list":["post-2545","post","type-post","status-publish","format-standard","hentry","category-veranstaltungen"],"_links":{"self":[{"href":"https:\/\/www.wohnart3.de\/index.php?rest_route=\/wp\/v2\/posts\/2545","targetHints":{"allow":["GET"]}}],"collection":[{"href":"https:\/\/www.wohnart3.de\/index.php?rest_route=\/wp\/v2\/posts"}],"about":[{"href":"https:\/\/www.wohnart3.de\/index.php?rest_route=\/wp\/v2\/types\/post"}],"author":[{"embeddable":true,"href":"https:\/\/www.wohnart3.de\/index.php?rest_route=\/wp\/v2\/users\/8"}],"replies":[{"embeddable":true,"href":"https:\/\/www.wohnart3.de\/index.php?rest_route=%2Fwp%2Fv2%2Fcomments&post=2545"}],"version-history":[{"count":8,"href":"https:\/\/www.wohnart3.de\/index.php?rest_route=\/wp\/v2\/posts\/2545\/revisions"}],"predecessor-version":[{"id":2844,"href":"https:\/\/www.wohnart3.de\/index.php?rest_route=\/wp\/v2\/posts\/2545\/revisions\/2844"}],"wp:attachment":[{"href":"https:\/\/www.wohnart3.de\/index.php?rest_route=%2Fwp%2Fv2%2Fmedia&parent=2545"}],"wp:term":[{"taxonomy":"category","embeddable":true,"href":"https:\/\/www.wohnart3.de\/index.php?rest_route=%2Fwp%2Fv2%2Fcategories&post=2545"},{"taxonomy":"post_tag","embeddable":true,"href":"https:\/\/www.wohnart3.de\/index.php?rest_route=%2Fwp%2Fv2%2Ftags&post=2545"}],"curies":[{"name":"wp","href":"https:\/\/api.w.org\/{rel}","templated":true}]}}