{"id":1470,"date":"2022-11-06T20:00:00","date_gmt":"2022-11-06T19:00:00","guid":{"rendered":"https:\/\/www.wohnart3.de\/?p=1470"},"modified":"2023-01-25T23:42:15","modified_gmt":"2023-01-25T22:42:15","slug":"werkstatt","status":"publish","type":"post","link":"https:\/\/www.wohnart3.de\/?p=1470","title":{"rendered":"Werkstatt"},"content":{"rendered":"\n<p class=\"has-background\" style=\"background-color:#7ad4d1\">Aus Alt mach Neu<\/p>\n\n\n\n<figure class=\"wp-block-image size-full\"><img loading=\"lazy\" decoding=\"async\" width=\"1000\" height=\"667\" src=\"https:\/\/www.wohnart3.de\/wp-content\/uploads\/2022\/11\/22-11_Werkstatt_web.jpg\" alt=\"\" class=\"wp-image-1471\" srcset=\"https:\/\/www.wohnart3.de\/wp-content\/uploads\/2022\/11\/22-11_Werkstatt_web.jpg 1000w, https:\/\/www.wohnart3.de\/wp-content\/uploads\/2022\/11\/22-11_Werkstatt_web-300x200.jpg 300w, https:\/\/www.wohnart3.de\/wp-content\/uploads\/2022\/11\/22-11_Werkstatt_web-768x512.jpg 768w\" sizes=\"auto, (max-width: 767px) 89vw, (max-width: 1000px) 54vw, (max-width: 1071px) 543px, 580px\" \/><\/figure>\n\n\n\n<p>Ein Wochenende lang waren 5 Werkstattbegeisterte an der Arbeit, gebrauchte M\u00f6bel und Platten soweit zu bearbeiten, damit am Ende alles Raum und Platz findet. Auch unsere J\u00fcngste half mit wo sie konnte und hatte ihren Spass dabei. Danke an die beiden K\u00f6chinnen, die uns versorgt haben.<\/p>\n","protected":false},"excerpt":{"rendered":"<p>Aus Alt mach Neu Ein Wochenende lang waren 5 Werkstattbegeisterte an der Arbeit, gebrauchte M\u00f6bel und Platten soweit zu bearbeiten, damit am Ende alles Raum und Platz findet. Auch unsere J\u00fcngste half mit wo sie konnte und hatte ihren Spass dabei. Danke an die beiden K\u00f6chinnen, die uns versorgt haben.<\/p>\n","protected":false},"author":8,"featured_media":0,"comment_status":"open","ping_status":"open","sticky":false,"template":"","format":"standard","meta":{"footnotes":""},"categories":[8],"tags":[],"class_list":["post-1470","post","type-post","status-publish","format-standard","hentry","category-hausverwaltung"],"_links":{"self":[{"href":"https:\/\/www.wohnart3.de\/index.php?rest_route=\/wp\/v2\/posts\/1470","targetHints":{"allow":["GET"]}}],"collection":[{"href":"https:\/\/www.wohnart3.de\/index.php?rest_route=\/wp\/v2\/posts"}],"about":[{"href":"https:\/\/www.wohnart3.de\/index.php?rest_route=\/wp\/v2\/types\/post"}],"author":[{"embeddable":true,"href":"https:\/\/www.wohnart3.de\/index.php?rest_route=\/wp\/v2\/users\/8"}],"replies":[{"embeddable":true,"href":"https:\/\/www.wohnart3.de\/index.php?rest_route=%2Fwp%2Fv2%2Fcomments&post=1470"}],"version-history":[{"count":5,"href":"https:\/\/www.wohnart3.de\/index.php?rest_route=\/wp\/v2\/posts\/1470\/revisions"}],"predecessor-version":[{"id":1580,"href":"https:\/\/www.wohnart3.de\/index.php?rest_route=\/wp\/v2\/posts\/1470\/revisions\/1580"}],"wp:attachment":[{"href":"https:\/\/www.wohnart3.de\/index.php?rest_route=%2Fwp%2Fv2%2Fmedia&parent=1470"}],"wp:term":[{"taxonomy":"category","embeddable":true,"href":"https:\/\/www.wohnart3.de\/index.php?rest_route=%2Fwp%2Fv2%2Fcategories&post=1470"},{"taxonomy":"post_tag","embeddable":true,"href":"https:\/\/www.wohnart3.de\/index.php?rest_route=%2Fwp%2Fv2%2Ftags&post=1470"}],"curies":[{"name":"wp","href":"https:\/\/api.w.org\/{rel}","templated":true}]}}